{"id":285352,"date":"2025-12-17T09:55:30","date_gmt":"2025-12-17T08:55:30","guid":{"rendered":"https:\/\/www.global-tag.com\/fermeture-hivernale-de-lentreprise\/"},"modified":"2026-03-23T10:46:12","modified_gmt":"2026-03-23T09:46:12","slug":"fermeture-hivernale-de-lentreprise","status":"publish","type":"post","link":"https:\/\/www.global-tag.com\/fr\/fermeture-hivernale-de-lentreprise\/","title":{"rendered":"FERMETURE HIVERNALE DE L\u2019ENTREPRISE"},"content":{"rendered":"<p>[et_pb_section fb_built=&#8221;1&#8243; admin_label=&#8221;Header&#8221; _builder_version=&#8221;4.27.5&#8243; _module_preset=&#8221;default&#8221; use_background_color_gradient=&#8221;on&#8221; background_color_gradient_direction=&#8221;90deg&#8221; background_color_gradient_stops=&#8221;gcid-primary-color 0%|#c81b35 50%|rgba(0,0,0,0) 50%&#8221; background_color_gradient_overlays_image=&#8221;on&#8221; background_color_gradient_start=&#8221;#000000&#8243; background_color_gradient_start_position=&#8221;50%&#8221; background_color_gradient_end=&#8221;rgba(0,0,0,0)&#8221; background_color_gradient_end_position=&#8221;50%&#8221; background_image=&#8221;https:\/\/www.global-tag.com\/wp-content\/uploads\/2025\/12\/closed.png&#8221; background_size=&#8221;contain&#8221; background_position=&#8221;bottom_right&#8221; background_horizontal_offset=&#8221;-3%&#8221; background_vertical_offset=&#8221;38%&#8221; width=&#8221;100%&#8221; max_width=&#8221;100%&#8221; min_height=&#8221;607px&#8221; max_height=&#8221;1000px&#8221; custom_margin=&#8221;||-5px||false|false&#8221; background_last_edited=&#8221;on|tablet&#8221; background_color_gradient_direction_tablet=&#8221;90deg&#8221; background_color_gradient_stops_tablet=&#8221;#000000 100%|rgba(0,0,0,0) 100%&#8221; background_color_gradient_start_position_tablet=&#8221;100%&#8221; background_color_gradient_end_position_tablet=&#8221;100%&#8221; locked=&#8221;off&#8221; global_colors_info=&#8221;{%22gcid-primary-color%22:%91%22background_color_gradient_stops%22%93}&#8221;][et_pb_row column_structure=&#8221;1_2,1_2&#8243; _builder_version=&#8221;4.20.0&#8243; _module_preset=&#8221;default&#8221; custom_padding=&#8221;||0px||false|false&#8221; global_colors_info=&#8221;{}&#8221;][et_pb_column type=&#8221;1_2&#8243; _builder_version=&#8221;4.16&#8243; _module_preset=&#8221;default&#8221; custom_padding=&#8221;150px||150px||true|false&#8221; custom_padding_tablet=&#8221;0px||0px||false|false&#8221; custom_padding_phone=&#8221;&#8221; custom_padding_last_edited=&#8221;on|phone&#8221; global_colors_info=&#8221;{}&#8221;][et_pb_text _builder_version=&#8221;4.27.5&#8243; _module_preset=&#8221;b0bf5418-994a-43d1-aef8-7d7c6764119d&#8221; header_font=&#8221;Montserrat|800|||||||&#8221; header_text_color=&#8221;#FFFFFF&#8221; header_font_size=&#8221;57px&#8221; header_letter_spacing=&#8221;1px&#8221; header_line_height=&#8221;1.2em&#8221; custom_margin=&#8221;||8px||false|false&#8221; custom_padding=&#8221;|30px|||false|false&#8221; header_font_size_tablet=&#8221;40px&#8221; header_font_size_phone=&#8221;24px&#8221; header_font_size_last_edited=&#8221;on|desktop&#8221; locked=&#8221;off&#8221; global_colors_info=&#8221;{}&#8221;]<\/p>\n<h1 class=\"entry-title title flipboard-title\"><strong>FERMETURE HIVERNALE DE L\u2019ENTREPRISE<\/strong><\/h1>\n<p>[\/et_pb_text][\/et_pb_column][et_pb_column type=&#8221;1_2&#8243; _builder_version=&#8221;4.16&#8243; _module_preset=&#8221;default&#8221; global_colors_info=&#8221;{}&#8221;][\/et_pb_column][\/et_pb_row][\/et_pb_section][et_pb_section fb_built=&#8221;1&#8243; admin_label=&#8221;About&#8221; _builder_version=&#8221;4.16&#8243; _module_preset=&#8221;default&#8221; background_enable_color=&#8221;off&#8221; custom_padding=&#8221;0px||0px||true|false&#8221; global_colors_info=&#8221;{%22gcid-330519e8-d2dd-4c4e-baab-754c9a62e6c8%22:%91%93}&#8221;][et_pb_row column_structure=&#8221;1_2,1_2&#8243; use_custom_gutter=&#8221;on&#8221; gutter_width=&#8221;1&#8243; _builder_version=&#8221;4.27.2&#8243; _module_preset=&#8221;default&#8221; custom_padding=&#8221;0px||0px||true|false&#8221; module_alignment_tablet=&#8221;center&#8221; module_alignment_phone=&#8221;&#8221; module_alignment_last_edited=&#8221;on|tablet&#8221; global_colors_info=&#8221;{}&#8221;][et_pb_column type=&#8221;1_2&#8243; _builder_version=&#8221;4.27.2&#8243; _module_preset=&#8221;default&#8221; use_background_color_gradient=&#8221;on&#8221; background_color_gradient_direction=&#8221;90deg&#8221; background_color_gradient_stops=&#8221;rgba(0,0,0,0) 50%|gcid-primary-color 50%&#8221; background_color_gradient_start=&#8221;rgba(0,0,0,0)&#8221; background_color_gradient_start_position=&#8221;50%&#8221; background_color_gradient_end=&#8221;#ffc42b&#8221; background_color_gradient_end_position=&#8221;50%&#8221; custom_padding=&#8221;40px||40px||true|false&#8221; global_colors_info=&#8221;{%22gcid-431bd12a-5227-4536-9132-2528c0596703%22:%91%93,%22gcid-primary-color%22:%91%22background_color_gradient_stops%22%93}&#8221;][et_pb_image src=&#8221;https:\/\/www.global-tag.com\/wp-content\/uploads\/2025\/12\/Christmas-Global-Tag.png&#8221; title_text=&#8221;Christmas Global Tag&#8221; align=&#8221;right&#8221; _builder_version=&#8221;4.27.5&#8243; _module_preset=&#8221;default&#8221; custom_margin=&#8221;|||-8vw|false|false&#8221; global_colors_info=&#8221;{}&#8221;][\/et_pb_image][\/et_pb_column][et_pb_column type=&#8221;1_2&#8243; _builder_version=&#8221;4.16&#8243; _module_preset=&#8221;default&#8221; custom_padding=&#8221;16%||30px|48px|false|false&#8221; custom_padding_tablet=&#8221;|||0px|false|false&#8221; custom_padding_phone=&#8221;||||false|false&#8221; custom_padding_last_edited=&#8221;on|phone&#8221; global_colors_info=&#8221;{}&#8221;][et_pb_text _builder_version=&#8221;4.27.5&#8243; _module_preset=&#8221;c3c1179e-80e4-4396-b700-51b845e1c46f&#8221; header_2_font=&#8221;Montserrat|800||on|||||&#8221; header_2_text_color=&#8221;#000000&#8243; header_2_font_size=&#8221;31px&#8221; header_2_letter_spacing=&#8221;1px&#8221; header_2_line_height=&#8221;1.2em&#8221; custom_margin=&#8221;-125px||10px||false|false&#8221; header_2_font_size_tablet=&#8221;32px&#8221; header_2_font_size_phone=&#8221;20px&#8221; header_2_font_size_last_edited=&#8221;on|phone&#8221; locked=&#8221;off&#8221; global_colors_info=&#8221;{}&#8221;]<\/p>\n<div class=\"et_pb_module et_pb_text et_pb_text_2  et_pb_text_align_left et_pb_bg_layout_light\">\n<div class=\"et_pb_text_inner\">\n<div class=\"et_pb_module et_pb_text et_pb_text_2  et_pb_text_align_left et_pb_bg_layout_light\">\n<div class=\"et_pb_text_inner\">\n<h2>FERME\u2019 POUR LES VACANCES DE NOEL<\/h2>\n<\/div>\n<\/div>\n<\/div>\n<\/div>\n<p>[\/et_pb_text][et_pb_text _builder_version=&#8221;4.27.5&#8243; _module_preset=&#8221;2e1ca0a8-a515-4ca3-8814-65eea4b82393&#8243; text_line_height=&#8221;2em&#8221; width=&#8221;100%&#8221; max_width=&#8221;100%&#8221; locked=&#8221;off&#8221; global_colors_info=&#8221;{}&#8221;]<\/p>\n<p>Nous vous informons qu\u2019\u00e0 l\u2019occasion des f\u00eates de No\u00ebl, nos bureaux seront ferm\u00e9s <strong>du 24 d\u00e9cembre 2025 au 6 janvier 2026 inclus<\/strong>.<\/p>\n<p>Les activit\u00e9s normales reprendront \u00e0 partir du <strong>mercredi 7 janvier 2026<\/strong>.<\/p>\n<p>Nous profitons de cette occasion pour remercier tous nos clients, partenaires et collaborateurs avec lesquels nous avons travaill\u00e9 au cours de cette ann\u00e9e et pour leur adresser nos v\u0153ux les plus sinc\u00e8res de Joyeux No\u00ebl et d\u2019une ann\u00e9e 2026 pleine de r\u00e9ussites, de la part de toute l\u2019\u00e9quipe <strong>Global Tag<\/strong>.<\/p>\n<p>[\/et_pb_text][\/et_pb_column][\/et_pb_row][\/et_pb_section][et_pb_section fb_built=&#8221;1&#8243; admin_label=&#8221;Call to Action&#8221; _builder_version=&#8221;4.16&#8243; _module_preset=&#8221;default&#8221; background_color=&#8221;#f6f7fb&#8221; custom_padding=&#8221;0px||||false|false&#8221; global_colors_info=&#8221;{%22gcid-866b105d-efc7-49da-8ab1-eb458f147c5d%22:%91%93}&#8221;][et_pb_row _builder_version=&#8221;4.16&#8243; _module_preset=&#8221;default&#8221; background_color=&#8221;#FFFFFF&#8221; z_index=&#8221;11&#8243; max_width=&#8221;none&#8221; custom_padding=&#8221;6vw|4vw|6vw|4vw|true|true&#8221; box_shadow_style=&#8221;preset3&#8243; box_shadow_horizontal=&#8221;30px&#8221; box_shadow_vertical=&#8221;60px&#8221; box_shadow_blur=&#8221;80px&#8221; box_shadow_spread=&#8221;0px&#8221; box_shadow_color=&#8221;rgba(46,52,81,0.1)&#8221; global_colors_info=&#8221;{}&#8221;][et_pb_column type=&#8221;4_4&#8243; _builder_version=&#8221;4.16&#8243; _module_preset=&#8221;default&#8221; global_colors_info=&#8221;{}&#8221;][et_pb_text _builder_version=&#8221;4.27.5&#8243; _module_preset=&#8221;default&#8221; text_font=&#8221;Montserrat|800||on|||||&#8221; text_text_color=&#8221;gcid-primary-color&#8221; text_font_size=&#8221;2vw&#8221; text_line_height=&#8221;1em&#8221; text_orientation=&#8221;center&#8221; custom_padding=&#8221;|40px||40px|false|true&#8221; custom_padding_tablet=&#8221;|30px||30px|false|true&#8221; custom_padding_phone=&#8221;|20px||20px|false|true&#8221; custom_padding_last_edited=&#8221;on|phone&#8221; text_font_size_phone=&#8221;40px&#8221; text_font_size_last_edited=&#8221;off|tablet&#8221; header_font_size_tablet=&#8221;55px&#8221; header_font_size_phone=&#8221;&#8221; header_font_size_last_edited=&#8221;on|tablet&#8221; global_colors_info=&#8221;{%22gcid-primary-color%22:%91%22text_text_color%22%93}&#8221;]<\/p>\n<div class=\"et_pb_module et_pb_text et_pb_text_4  et_pb_text_align_center et_pb_bg_layout_light\">\n<div class=\"et_pb_text_inner\">\n<p><span>VOUS VOULEZ EN SAVOIR PLUS?<\/span><\/p>\n<\/div>\n<\/div>\n<p>[\/et_pb_text][et_pb_button button_url=&#8221;https:\/\/www.global-tag.com\/fr\/contacts\/&#8221; button_text=&#8221;CONTACTEZ-NOUS!&#8221; button_alignment=&#8221;center&#8221; _builder_version=&#8221;4.27.5&#8243; _module_preset=&#8221;015e926e-70df-4745-bb80-f7c6873c977b&#8221; custom_padding=&#8221;20px|40px|20px|40px|true|true&#8221; global_colors_info=&#8221;{}&#8221;][\/et_pb_button][\/et_pb_column][\/et_pb_row][\/et_pb_section]<\/p>\n","protected":false},"excerpt":{"rendered":"<p>FERMETURE HIVERNALE DE L\u2019ENTREPRISE FERME\u2019 POUR LES VACANCES DE NOEL Nous vous informons qu\u2019\u00e0 l\u2019occasion des f\u00eates de No\u00ebl, nos bureaux seront ferm\u00e9s du 24 d\u00e9cembre 2025 au 6 janvier 2026 inclus. Les activit\u00e9s normales reprendront \u00e0 partir du mercredi 7 janvier 2026. Nous profitons de cette occasion pour remercier tous nos clients, partenaires et [&hellip;]<\/p>\n","protected":false},"author":5,"featured_media":285392,"comment_status":"closed","ping_status":"open","sticky":false,"template":"","format":"standard","meta":{"_acf_changed":false,"_et_pb_use_builder":"on","_et_pb_old_content":"","_et_gb_content_width":"","footnotes":""},"categories":[34],"tags":[],"class_list":["post-285352","post","type-post","status-publish","format-standard","has-post-thumbnail","hentry","category-nouvelles-fr"],"acf":[],"yoast_head":"<!-- This site is optimized with the Yoast SEO Premium plugin v26.2 (Yoast SEO v27.5) - https:\/\/yoast.com\/product\/yoast-seo-premium-wordpress\/ -->\n<title>FERMETURE HIVERNALE DE L\u2019ENTREPRISE - Global Tag<\/title>\n<meta name=\"description\" content=\"Nos bureaux seront ferm\u00e9s pour la pause hivernale du 24 d\u00e9cembre 2025 au 6 janvier 2026.\" \/>\n<meta name=\"robots\" content=\"index, follow, max-snippet:-1, max-image-preview:large, max-video-preview:-1\" \/>\n<link rel=\"canonical\" href=\"https:\/\/www.global-tag.com\/fr\/fermeture-hivernale-de-lentreprise\/\" \/>\n<meta property=\"og:locale\" content=\"fr_FR\" \/>\n<meta property=\"og:type\" content=\"article\" \/>\n<meta property=\"og:title\" content=\"FERMETURE HIVERNALE DE L\u2019ENTREPRISE\" \/>\n<meta property=\"og:description\" content=\"Nos bureaux seront ferm\u00e9s pour la pause hivernale du 24 d\u00e9cembre 2025 au 6 janvier 2026.\" \/>\n<meta property=\"og:site_name\" content=\"Global Tag\" \/>\n<meta property=\"article:published_time\" content=\"2025-12-17T08:55:30+00:00\" \/>\n<meta property=\"article:modified_time\" content=\"2026-03-23T09:46:12+00:00\" \/>\n<meta property=\"og:image\" content=\"https:\/\/www.global-tag.com\/wp-content\/uploads\/2025\/12\/chiusura-aziendale-francese-1024x576.png\" \/>\n\t<meta property=\"og:image:width\" content=\"1024\" \/>\n\t<meta property=\"og:image:height\" content=\"576\" \/>\n\t<meta property=\"og:image:type\" content=\"image\/png\" \/>\n<meta name=\"author\" content=\"stefanob\" \/>\n<meta name=\"twitter:card\" content=\"summary_large_image\" \/>\n<meta name=\"twitter:creator\" content=\"@Global_Tag_RFID\" \/>\n<meta name=\"twitter:site\" content=\"@Global_Tag_RFID\" \/>\n<meta name=\"twitter:label1\" content=\"\u00c9crit par\" \/>\n\t<meta name=\"twitter:data1\" content=\"stefanob\" \/>\n\t<meta name=\"twitter:label2\" content=\"Dur\u00e9e de lecture estim\u00e9e\" \/>\n\t<meta name=\"twitter:data2\" content=\"1 minute\" \/>\n<script type=\"application\/ld+json\" class=\"yoast-schema-graph\">{\"@context\":\"https:\\\/\\\/schema.org\",\"@graph\":[{\"@type\":\"Article\",\"@id\":\"https:\\\/\\\/www.global-tag.com\\\/fr\\\/fermeture-hivernale-de-lentreprise\\\/#article\",\"isPartOf\":{\"@id\":\"https:\\\/\\\/www.global-tag.com\\\/fr\\\/fermeture-hivernale-de-lentreprise\\\/\"},\"author\":{\"name\":\"stefanob\",\"@id\":\"https:\\\/\\\/www.global-tag.com\\\/#\\\/schema\\\/person\\\/845b32e35d10bd7f6ef129f5d480282c\"},\"headline\":\"FERMETURE HIVERNALE DE L\u2019ENTREPRISE\",\"datePublished\":\"2025-12-17T08:55:30+00:00\",\"dateModified\":\"2026-03-23T09:46:12+00:00\",\"mainEntityOfPage\":{\"@id\":\"https:\\\/\\\/www.global-tag.com\\\/fr\\\/fermeture-hivernale-de-lentreprise\\\/\"},\"wordCount\":960,\"publisher\":{\"@id\":\"https:\\\/\\\/www.global-tag.com\\\/#organization\"},\"image\":{\"@id\":\"https:\\\/\\\/www.global-tag.com\\\/fr\\\/fermeture-hivernale-de-lentreprise\\\/#primaryimage\"},\"thumbnailUrl\":\"https:\\\/\\\/www.global-tag.com\\\/wp-content\\\/uploads\\\/2025\\\/12\\\/chiusura-aziendale-francese.png\",\"articleSection\":[\"Nouvelles\"],\"inLanguage\":\"fr-FR\"},{\"@type\":\"WebPage\",\"@id\":\"https:\\\/\\\/www.global-tag.com\\\/fr\\\/fermeture-hivernale-de-lentreprise\\\/\",\"url\":\"https:\\\/\\\/www.global-tag.com\\\/fr\\\/fermeture-hivernale-de-lentreprise\\\/\",\"name\":\"FERMETURE HIVERNALE DE L\u2019ENTREPRISE - Global Tag\",\"isPartOf\":{\"@id\":\"https:\\\/\\\/www.global-tag.com\\\/#website\"},\"primaryImageOfPage\":{\"@id\":\"https:\\\/\\\/www.global-tag.com\\\/fr\\\/fermeture-hivernale-de-lentreprise\\\/#primaryimage\"},\"image\":{\"@id\":\"https:\\\/\\\/www.global-tag.com\\\/fr\\\/fermeture-hivernale-de-lentreprise\\\/#primaryimage\"},\"thumbnailUrl\":\"https:\\\/\\\/www.global-tag.com\\\/wp-content\\\/uploads\\\/2025\\\/12\\\/chiusura-aziendale-francese.png\",\"datePublished\":\"2025-12-17T08:55:30+00:00\",\"dateModified\":\"2026-03-23T09:46:12+00:00\",\"description\":\"Nos bureaux seront ferm\u00e9s pour la pause hivernale du 24 d\u00e9cembre 2025 au 6 janvier 2026.\",\"breadcrumb\":{\"@id\":\"https:\\\/\\\/www.global-tag.com\\\/fr\\\/fermeture-hivernale-de-lentreprise\\\/#breadcrumb\"},\"inLanguage\":\"fr-FR\",\"potentialAction\":[{\"@type\":\"ReadAction\",\"target\":[\"https:\\\/\\\/www.global-tag.com\\\/fr\\\/fermeture-hivernale-de-lentreprise\\\/\"]}]},{\"@type\":\"ImageObject\",\"inLanguage\":\"fr-FR\",\"@id\":\"https:\\\/\\\/www.global-tag.com\\\/fr\\\/fermeture-hivernale-de-lentreprise\\\/#primaryimage\",\"url\":\"https:\\\/\\\/www.global-tag.com\\\/wp-content\\\/uploads\\\/2025\\\/12\\\/chiusura-aziendale-francese.png\",\"contentUrl\":\"https:\\\/\\\/www.global-tag.com\\\/wp-content\\\/uploads\\\/2025\\\/12\\\/chiusura-aziendale-francese.png\",\"width\":1920,\"height\":1080},{\"@type\":\"BreadcrumbList\",\"@id\":\"https:\\\/\\\/www.global-tag.com\\\/fr\\\/fermeture-hivernale-de-lentreprise\\\/#breadcrumb\",\"itemListElement\":[{\"@type\":\"ListItem\",\"position\":1,\"name\":\"Home\",\"item\":\"https:\\\/\\\/www.global-tag.com\\\/\"},{\"@type\":\"ListItem\",\"position\":2,\"name\":\"FERMETURE HIVERNALE DE L\u2019ENTREPRISE\"}]},{\"@type\":\"WebSite\",\"@id\":\"https:\\\/\\\/www.global-tag.com\\\/#website\",\"url\":\"https:\\\/\\\/www.global-tag.com\\\/\",\"name\":\"Global Tag\",\"description\":\"\",\"publisher\":{\"@id\":\"https:\\\/\\\/www.global-tag.com\\\/#organization\"},\"potentialAction\":[{\"@type\":\"SearchAction\",\"target\":{\"@type\":\"EntryPoint\",\"urlTemplate\":\"https:\\\/\\\/www.global-tag.com\\\/?s={search_term_string}\"},\"query-input\":{\"@type\":\"PropertyValueSpecification\",\"valueRequired\":true,\"valueName\":\"search_term_string\"}}],\"inLanguage\":\"fr-FR\"},{\"@type\":\"Organization\",\"@id\":\"https:\\\/\\\/www.global-tag.com\\\/#organization\",\"name\":\"Global Tag\",\"url\":\"https:\\\/\\\/www.global-tag.com\\\/\",\"logo\":{\"@type\":\"ImageObject\",\"inLanguage\":\"fr-FR\",\"@id\":\"https:\\\/\\\/www.global-tag.com\\\/#\\\/schema\\\/logo\\\/image\\\/\",\"url\":\"https:\\\/\\\/www.global-tag.com\\\/wp-content\\\/uploads\\\/2024\\\/11\\\/GLOBAL-TAG-logo.ai_.png\",\"contentUrl\":\"https:\\\/\\\/www.global-tag.com\\\/wp-content\\\/uploads\\\/2024\\\/11\\\/GLOBAL-TAG-logo.ai_.png\",\"width\":1771,\"height\":825,\"caption\":\"Global Tag\"},\"image\":{\"@id\":\"https:\\\/\\\/www.global-tag.com\\\/#\\\/schema\\\/logo\\\/image\\\/\"},\"sameAs\":[\"https:\\\/\\\/x.com\\\/Global_Tag_RFID\",\"https:\\\/\\\/www.linkedin.com\\\/company\\\/global-tag-srl---rfid-tag-for-global-request\"]},{\"@type\":\"Person\",\"@id\":\"https:\\\/\\\/www.global-tag.com\\\/#\\\/schema\\\/person\\\/845b32e35d10bd7f6ef129f5d480282c\",\"name\":\"stefanob\",\"url\":\"https:\\\/\\\/www.global-tag.com\\\/fr\\\/author\\\/stefanob\\\/\"}]}<\/script>\n<!-- \/ Yoast SEO Premium plugin. -->","yoast_head_json":{"title":"FERMETURE HIVERNALE DE L\u2019ENTREPRISE - Global Tag","description":"Nos bureaux seront ferm\u00e9s pour la pause hivernale du 24 d\u00e9cembre 2025 au 6 janvier 2026.","robots":{"index":"index","follow":"follow","max-snippet":"max-snippet:-1","max-image-preview":"max-image-preview:large","max-video-preview":"max-video-preview:-1"},"canonical":"https:\/\/www.global-tag.com\/fr\/fermeture-hivernale-de-lentreprise\/","og_locale":"fr_FR","og_type":"article","og_title":"FERMETURE HIVERNALE DE L\u2019ENTREPRISE","og_description":"Nos bureaux seront ferm\u00e9s pour la pause hivernale du 24 d\u00e9cembre 2025 au 6 janvier 2026.","og_site_name":"Global Tag","article_published_time":"2025-12-17T08:55:30+00:00","article_modified_time":"2026-03-23T09:46:12+00:00","og_image":[{"width":1024,"height":576,"url":"https:\/\/www.global-tag.com\/wp-content\/uploads\/2025\/12\/chiusura-aziendale-francese-1024x576.png","type":"image\/png"}],"author":"stefanob","twitter_card":"summary_large_image","twitter_creator":"@Global_Tag_RFID","twitter_site":"@Global_Tag_RFID","twitter_misc":{"\u00c9crit par":"stefanob","Dur\u00e9e de lecture estim\u00e9e":"1 minute"},"schema":{"@context":"https:\/\/schema.org","@graph":[{"@type":"Article","@id":"https:\/\/www.global-tag.com\/fr\/fermeture-hivernale-de-lentreprise\/#article","isPartOf":{"@id":"https:\/\/www.global-tag.com\/fr\/fermeture-hivernale-de-lentreprise\/"},"author":{"name":"stefanob","@id":"https:\/\/www.global-tag.com\/#\/schema\/person\/845b32e35d10bd7f6ef129f5d480282c"},"headline":"FERMETURE HIVERNALE DE L\u2019ENTREPRISE","datePublished":"2025-12-17T08:55:30+00:00","dateModified":"2026-03-23T09:46:12+00:00","mainEntityOfPage":{"@id":"https:\/\/www.global-tag.com\/fr\/fermeture-hivernale-de-lentreprise\/"},"wordCount":960,"publisher":{"@id":"https:\/\/www.global-tag.com\/#organization"},"image":{"@id":"https:\/\/www.global-tag.com\/fr\/fermeture-hivernale-de-lentreprise\/#primaryimage"},"thumbnailUrl":"https:\/\/www.global-tag.com\/wp-content\/uploads\/2025\/12\/chiusura-aziendale-francese.png","articleSection":["Nouvelles"],"inLanguage":"fr-FR"},{"@type":"WebPage","@id":"https:\/\/www.global-tag.com\/fr\/fermeture-hivernale-de-lentreprise\/","url":"https:\/\/www.global-tag.com\/fr\/fermeture-hivernale-de-lentreprise\/","name":"FERMETURE HIVERNALE DE L\u2019ENTREPRISE - Global Tag","isPartOf":{"@id":"https:\/\/www.global-tag.com\/#website"},"primaryImageOfPage":{"@id":"https:\/\/www.global-tag.com\/fr\/fermeture-hivernale-de-lentreprise\/#primaryimage"},"image":{"@id":"https:\/\/www.global-tag.com\/fr\/fermeture-hivernale-de-lentreprise\/#primaryimage"},"thumbnailUrl":"https:\/\/www.global-tag.com\/wp-content\/uploads\/2025\/12\/chiusura-aziendale-francese.png","datePublished":"2025-12-17T08:55:30+00:00","dateModified":"2026-03-23T09:46:12+00:00","description":"Nos bureaux seront ferm\u00e9s pour la pause hivernale du 24 d\u00e9cembre 2025 au 6 janvier 2026.","breadcrumb":{"@id":"https:\/\/www.global-tag.com\/fr\/fermeture-hivernale-de-lentreprise\/#breadcrumb"},"inLanguage":"fr-FR","potentialAction":[{"@type":"ReadAction","target":["https:\/\/www.global-tag.com\/fr\/fermeture-hivernale-de-lentreprise\/"]}]},{"@type":"ImageObject","inLanguage":"fr-FR","@id":"https:\/\/www.global-tag.com\/fr\/fermeture-hivernale-de-lentreprise\/#primaryimage","url":"https:\/\/www.global-tag.com\/wp-content\/uploads\/2025\/12\/chiusura-aziendale-francese.png","contentUrl":"https:\/\/www.global-tag.com\/wp-content\/uploads\/2025\/12\/chiusura-aziendale-francese.png","width":1920,"height":1080},{"@type":"BreadcrumbList","@id":"https:\/\/www.global-tag.com\/fr\/fermeture-hivernale-de-lentreprise\/#breadcrumb","itemListElement":[{"@type":"ListItem","position":1,"name":"Home","item":"https:\/\/www.global-tag.com\/"},{"@type":"ListItem","position":2,"name":"FERMETURE HIVERNALE DE L\u2019ENTREPRISE"}]},{"@type":"WebSite","@id":"https:\/\/www.global-tag.com\/#website","url":"https:\/\/www.global-tag.com\/","name":"Global Tag","description":"","publisher":{"@id":"https:\/\/www.global-tag.com\/#organization"},"potentialAction":[{"@type":"SearchAction","target":{"@type":"EntryPoint","urlTemplate":"https:\/\/www.global-tag.com\/?s={search_term_string}"},"query-input":{"@type":"PropertyValueSpecification","valueRequired":true,"valueName":"search_term_string"}}],"inLanguage":"fr-FR"},{"@type":"Organization","@id":"https:\/\/www.global-tag.com\/#organization","name":"Global Tag","url":"https:\/\/www.global-tag.com\/","logo":{"@type":"ImageObject","inLanguage":"fr-FR","@id":"https:\/\/www.global-tag.com\/#\/schema\/logo\/image\/","url":"https:\/\/www.global-tag.com\/wp-content\/uploads\/2024\/11\/GLOBAL-TAG-logo.ai_.png","contentUrl":"https:\/\/www.global-tag.com\/wp-content\/uploads\/2024\/11\/GLOBAL-TAG-logo.ai_.png","width":1771,"height":825,"caption":"Global Tag"},"image":{"@id":"https:\/\/www.global-tag.com\/#\/schema\/logo\/image\/"},"sameAs":["https:\/\/x.com\/Global_Tag_RFID","https:\/\/www.linkedin.com\/company\/global-tag-srl---rfid-tag-for-global-request"]},{"@type":"Person","@id":"https:\/\/www.global-tag.com\/#\/schema\/person\/845b32e35d10bd7f6ef129f5d480282c","name":"stefanob","url":"https:\/\/www.global-tag.com\/fr\/author\/stefanob\/"}]}},"_links":{"self":[{"href":"https:\/\/www.global-tag.com\/fr\/wp-json\/wp\/v2\/posts\/285352","targetHints":{"allow":["GET"]}}],"collection":[{"href":"https:\/\/www.global-tag.com\/fr\/wp-json\/wp\/v2\/posts"}],"about":[{"href":"https:\/\/www.global-tag.com\/fr\/wp-json\/wp\/v2\/types\/post"}],"author":[{"embeddable":true,"href":"https:\/\/www.global-tag.com\/fr\/wp-json\/wp\/v2\/users\/5"}],"replies":[{"embeddable":true,"href":"https:\/\/www.global-tag.com\/fr\/wp-json\/wp\/v2\/comments?post=285352"}],"version-history":[{"count":9,"href":"https:\/\/www.global-tag.com\/fr\/wp-json\/wp\/v2\/posts\/285352\/revisions"}],"predecessor-version":[{"id":286754,"href":"https:\/\/www.global-tag.com\/fr\/wp-json\/wp\/v2\/posts\/285352\/revisions\/286754"}],"wp:featuredmedia":[{"embeddable":true,"href":"https:\/\/www.global-tag.com\/fr\/wp-json\/wp\/v2\/media\/285392"}],"wp:attachment":[{"href":"https:\/\/www.global-tag.com\/fr\/wp-json\/wp\/v2\/media?parent=285352"}],"wp:term":[{"taxonomy":"category","embeddable":true,"href":"https:\/\/www.global-tag.com\/fr\/wp-json\/wp\/v2\/categories?post=285352"},{"taxonomy":"post_tag","embeddable":true,"href":"https:\/\/www.global-tag.com\/fr\/wp-json\/wp\/v2\/tags?post=285352"}],"curies":[{"name":"wp","href":"https:\/\/api.w.org\/{rel}","templated":true}]}}